{"id":489,"date":"2016-02-22T12:00:19","date_gmt":"2016-02-22T11:00:19","guid":{"rendered":"http:\/\/theme-fusion.com\/avada\/architecture-xml\/?p=489"},"modified":"2019-10-22T17:44:37","modified_gmt":"2019-10-22T16:44:37","slug":"bienvenidos-al-blog-de-almazan-asociados-arquitectos-slp","status":"publish","type":"post","link":"http:\/\/almazanarquitecto.es\/blog\/index.php\/bienvenidos-al-blog-de-almazan-asociados-arquitectos-slp\/","title":{"rendered":"Bienvenidos al Blog de Almaz\u00e1n &#038; Asociados Arquitectos SLP"},"content":{"rendered":"<div class=\"fusion-fullwidth fullwidth-box hundred-percent-fullwidth non-hundred-percent-height-scrolling\"  style='background-color: rgba(255,255,255,0);background-position: center center;background-repeat: no-repeat;padding-top:0px;padding-right:0px;padding-bottom:0px;padding-left:0px;border-top-width:0px;border-bottom-width:0px;border-color:#eae9e9;border-top-style:solid;border-bottom-style:solid;'><div class=\"fusion-builder-row fusion-row \"><div  class=\"fusion-layout-column fusion_builder_column fusion_builder_column_1_1 fusion-builder-column-1 fusion-one-full fusion-column-first fusion-column-last fusion-column-no-min-height 1_1\"  style='margin-top:0px;margin-bottom:0px;'>\n\t\t\t\t\t<div class=\"fusion-column-wrapper\" style=\"background-position:left top;background-repeat:no-repeat;-webkit-background-size:cover;-moz-background-size:cover;-o-background-size:cover;background-size:cover;\"   data-bg-url=\"\">\n\t\t\t\t\t\t<div class=\"fusion-text\"><p><span class=\"fusion-dropcap dropcap dropcap-boxed\" style=\"border-radius:0px;background-color:red;\">E<\/span>n\u00a0<a title=\"Inicio\" href=\"http:\/\/almazanarquitecto.es\/\" target=\"_blank\" rel=\"noopener noreferrer\">Almaz\u00e1n &amp; Asociados Arquitectos SLP<\/a> hemos creado este <a title=\"Blog de Almaz\u00e1n &amp; Asociados Arquitectos SLP\" href=\"http:\/\/almazanarquitecto.es\/blog\/index.php\/noticias\" target=\"_blank\" rel=\"noopener noreferrer\">espacio<\/a> con el objetivo de acercar a nuestros amigos, clientes y lectores temas relacionados con la pr\u00e1ctica diaria de la arquitectura y sus diferentes especialidades -edificaci\u00f3n, urbanismo, etc.-, as\u00ed como para poner en conocimiento de la comunidad aquellos asuntos de actualidad relevantes para la actividad de este estudio de arquitectura, de los municipios en los que la desarrolla, y de la profesi\u00f3n en general, todo bajo el formato de art\u00edculos de inter\u00e9s realizados por nuestros expertos.<\/p>\n<p>Adem\u00e1s, el equipo t\u00e9cnico de nuestras instalaciones en la localidad de Alcal\u00e1 la Real, provincia de Ja\u00e9n, contribuir\u00e1 a este espacio en la medida en que su pr\u00e1ctica profesional diaria pueda aportar informaci\u00f3n interesante a nuestros lectores.<\/p>\n<p>Arrancamos.<\/p>\n<p>Un saludo y bienvenidos al <a title=\"Blog de Almaz\u00e1n &amp; Asociados Arquitectos SLP\" href=\"http:\/\/almazanarquitecto.es\/blog\/\">Blog de Almaz\u00e1n &amp; Asociados Arquitectos SLP<\/a>.<\/p>\n<\/div><div class=\"fusion-clearfix\"><\/div>\n\n\t\t\t\t\t<\/div>\n\t\t\t\t<\/div><\/div><\/div>\n","protected":false},"excerpt":{"rendered":"","protected":false},"author":2,"featured_media":823,"comment_status":"closed","ping_status":"open","sticky":false,"template":"","format":"standard","meta":[],"categories":[1],"tags":[],"_links":{"self":[{"href":"http:\/\/almazanarquitecto.es\/blog\/index.php\/wp-json\/wp\/v2\/posts\/489"}],"collection":[{"href":"http:\/\/almazanarquitecto.es\/blog\/index.php\/wp-json\/wp\/v2\/posts"}],"about":[{"href":"http:\/\/almazanarquitecto.es\/blog\/index.php\/wp-json\/wp\/v2\/types\/post"}],"author":[{"embeddable":true,"href":"http:\/\/almazanarquitecto.es\/blog\/index.php\/wp-json\/wp\/v2\/users\/2"}],"replies":[{"embeddable":true,"href":"http:\/\/almazanarquitecto.es\/blog\/index.php\/wp-json\/wp\/v2\/comments?post=489"}],"version-history":[{"count":10,"href":"http:\/\/almazanarquitecto.es\/blog\/index.php\/wp-json\/wp\/v2\/posts\/489\/revisions"}],"predecessor-version":[{"id":1264,"href":"http:\/\/almazanarquitecto.es\/blog\/index.php\/wp-json\/wp\/v2\/posts\/489\/revisions\/1264"}],"wp:featuredmedia":[{"embeddable":true,"href":"http:\/\/almazanarquitecto.es\/blog\/index.php\/wp-json\/wp\/v2\/media\/823"}],"wp:attachment":[{"href":"http:\/\/almazanarquitecto.es\/blog\/index.php\/wp-json\/wp\/v2\/media?parent=489"}],"wp:term":[{"taxonomy":"category","embeddable":true,"href":"http:\/\/almazanarquitecto.es\/blog\/index.php\/wp-json\/wp\/v2\/categories?post=489"},{"taxonomy":"post_tag","embeddable":true,"href":"http:\/\/almazanarquitecto.es\/blog\/index.php\/wp-json\/wp\/v2\/tags?post=489"}],"curies":[{"name":"wp","href":"https:\/\/api.w.org\/{rel}","templated":true}]}}